{"id":913,"date":"2022-11-03T13:22:02","date_gmt":"2022-11-03T13:22:02","guid":{"rendered":"https:\/\/dev.wxxl.de\/?article=nostalgia-fotobuch-bukarest"},"modified":"2024-02-07T12:14:24","modified_gmt":"2024-02-07T12:14:24","slug":"nostalgia-fotobuch-bukarest","status":"publish","type":"article","link":"https:\/\/wxxl.de\/?article=nostalgia-fotobuch-bukarest","title":{"rendered":"Nostalgia &#8211; Fotobuch Bukarest"},"content":{"rendered":"<div class=\"wp-block-ub-content-toggle\" id=\"ub-content-toggle-496adbab-7553-488f-92b1-52bbd2e2462e\" data-showonlyone=\"true\" data-mobilecollapse=\"false\" data-desktopcollapse=\"true\">\n<div class=\"no-border wp-block-ub-content-toggle-accordion\" id=\"ub-content-toggle-panel-block-\">\n                <div class=\"wp-block-ub-content-toggle-accordion-title-wrap\"\" aria-controls=\"ub-content-toggle-panel-0-496adbab-7553-488f-92b1-52bbd2e2462e\" tabindex=\"0\">\n                    <p class=\"wp-block-ub-content-toggle-accordion-title ub-content-toggle-title-496adbab-7553-488f-92b1-52bbd2e2462e\">Produktbeschreibung<\/p><div class=\"wp-block-ub-content-toggle-accordion-toggle-wrap right\"><span class=\"wp-block-ub-content-toggle-accordion-state-indicator wp-block-ub-chevron-down\"><\/span>\n                    <\/div><\/div><div role=\"region\" aria-expanded=\"false\" class=\"wp-block-ub-content-toggle-accordion-content-wrap ub-hide\" id=\"ub-content-toggle-panel-0-496adbab-7553-488f-92b1-52bbd2e2462e\">\n\n<div class=\"wp-block-columns is-layout-flex wp-container-core-columns-is-layout-2 wp-block-columns-is-layout-flex\">\n<div class=\"wp-block-column is-layout-flow wp-block-column-is-layout-flow\" style=\"flex-basis:100%\">\n<div class=\"wp-block-columns is-layout-flex wp-container-core-columns-is-layout-1 wp-block-columns-is-layout-flex\">\n<div class=\"wp-block-column is-layout-flow wp-block-column-is-layout-flow\">\n<p class=\"has-medium-font-size\">Schwarz-Wei\u00df-Fotografie kann eine besonders emotionale und dramatische Wirkung haben. Sie lenkt den Blick auf die essentiellen Elemente eines Bildes und l\u00e4sst die Aufmerksamkeit auf die Formen, Strukturen und Kontraste lenken. Der Mann mit der Kamera &#8211;&nbsp; Andy Tecles ist von Beruf Werbedesigner und arbeitet unter anderem mit Bildmaterial. Eine st\u00e4ndige Begleiterin ist seine Kamera, mit der er fotografiert ohne sich Fotograf zu nennen. Fordert sein Metier vordergr\u00fcndig doch plakatives und grafisches Formulieren und Verfremden bildsprachlicher Werbeeffekte. Tecles ist ein neugieriger Mensch. Und oft auf Reisen.<\/p>\n\n\n\n<p class=\"has-medium-font-size\">Dann sammelt er mit der Kamera Motive. Dokumentiert und benennt sie wie Reisenotizen. So auch im Jahr 2007, als er in seiner Heimatstadt Bukarest weilte. Ein einstiger Musikerkollege regte ihn zu einer Landpartie an, die auf jenem Marktplatz landete.<\/p>\n\n\n\n<p class=\"has-medium-font-size\">Die Vielfalt unter den Menschen einerseits und ihre gewachsene Gemeinschaft andererseits faszinierten den Mann mit der Kamera.<\/p>\n<\/div>\n\n\n\n<div class=\"wp-block-column is-layout-flow wp-block-column-is-layout-flow\">\n<p class=\"has-medium-font-size\">Er hielt fest, was er sah: den rum\u00e4nischen Markt und diese eigensinnigen Charaktere, die ihre Lebensart \u00fcber Generationen hinweg pflegen. Diese Eindr\u00fccke fasst dieses Buch mit w\u00fcrdigender \u00c4sthetik und verzaubernder Poesie zusammen.<br>Der Betrachter taucht in die lebendige Atmosph\u00e4re eines altert\u00fcmlichen Marktes ein, in dem die Zeit stehen geblieben scheint. Das Schwarzwei\u00df der Bilder unterstreicht den nostalgischen Charme. &#8222;Nostalgia&#8220; zeigt Epochen des Handels und Handelns wie sie in Europa vielleicht bald verschwinden werden. Einf\u00fchrungstexte: Isabelle Girard de Soucanton \u00b7 Bildjournalististin<\/p>\n<\/div>\n<\/div>\n<\/div>\n<\/div>\n\n\n\n<p><\/p>\n\n<\/div><\/div>\n<\/div>\n\n<div class=\"ub_call_to_action wp-block-ub-call-to-action-block\"  id=\"ub_call_to_action_a974841a-56ad-465f-a8b5-edb7f96ac80b\">\n                <div class=\"ub_call_to_action_headline\">\n                    <p class=\"ub_call_to_action_headline_text\">Haben Sie noch weitere Fragen?<\/p><\/div>\n                <div class=\"ub_call_to_action_content\">\n                    <p class=\"ub_cta_content_text\">Klicken Sie auf den Button unten und stellen Sie uns Ihre Frage. Oder Rufen Sie uns an <a href=\"tel:+4963146550\">0631 46 55 0<\/a><\/p><\/div>\n                <div class=\"ub_call_to_action_button\">\n                    <a href=\"mailto:info@wxxl.de\" target=\"_self\" rel=\"noopener noreferrer\"\n                        class=\"ub_cta_button\">\n                        <p class=\"ub_cta_button_text\">Jetzt Anfragen<\/p><\/a><\/div><\/div>","protected":false},"featured_media":1072,"template":"","tags":[],"article_categorys":[28],"option_categorys":[],"class_list":["post-913","article","type-article","status-publish","has-post-thumbnail","hentry","article_categorys-sonstiges"],"yoast_head":"<!-- This site is optimized with the Yoast SEO plugin v24.2 - https:\/\/yoast.com\/wordpress\/plugins\/seo\/ -->\n<title>Nostalgia - Fotobuch Bukarest - Creativ WERBUNG<\/title>\n<meta name=\"robots\" content=\"index, follow, max-snippet:-1, max-image-preview:large, max-video-preview:-1\" \/>\n<link rel=\"canonical\" href=\"https:\/\/wxxl.de\/?article=nostalgia-fotobuch-bukarest\" \/>\n<meta property=\"og:locale\" content=\"de_DE\" \/>\n<meta property=\"og:type\" content=\"article\" \/>\n<meta property=\"og:title\" content=\"Nostalgia - Fotobuch Bukarest - Creativ WERBUNG\" \/>\n<meta property=\"og:url\" content=\"https:\/\/wxxl.de\/?article=nostalgia-fotobuch-bukarest\" \/>\n<meta property=\"og:site_name\" content=\"Creativ WERBUNG\" \/>\n<meta property=\"article:modified_time\" content=\"2024-02-07T12:14:24+00:00\" \/>\n<meta property=\"og:image\" content=\"https:\/\/wxxl.de\/wp-content\/uploads\/2022\/12\/Nostalgia.png\" \/>\n\t<meta property=\"og:image:width\" content=\"1200\" \/>\n\t<meta property=\"og:image:height\" content=\"630\" \/>\n\t<meta property=\"og:image:type\" content=\"image\/png\" \/>\n<meta name=\"twitter:card\" content=\"summary_large_image\" \/>\n<meta name=\"twitter:label1\" content=\"Gesch\u00e4tzte Lesezeit\" \/>\n\t<meta name=\"twitter:data1\" content=\"2\u00a0Minuten\" \/>\n<script type=\"application\/ld+json\" class=\"yoast-schema-graph\">{\"@context\":\"https:\/\/schema.org\",\"@graph\":[{\"@type\":\"WebPage\",\"@id\":\"https:\/\/wxxl.de\/?article=nostalgia-fotobuch-bukarest\",\"url\":\"https:\/\/wxxl.de\/?article=nostalgia-fotobuch-bukarest\",\"name\":\"Nostalgia - Fotobuch Bukarest - Creativ WERBUNG\",\"isPartOf\":{\"@id\":\"https:\/\/wxxl.de\/#website\"},\"primaryImageOfPage\":{\"@id\":\"https:\/\/wxxl.de\/?article=nostalgia-fotobuch-bukarest#primaryimage\"},\"image\":{\"@id\":\"https:\/\/wxxl.de\/?article=nostalgia-fotobuch-bukarest#primaryimage\"},\"thumbnailUrl\":\"https:\/\/wxxl.de\/wp-content\/uploads\/2022\/11\/u6rmRvljvP.jpg\",\"datePublished\":\"2022-11-03T13:22:02+00:00\",\"dateModified\":\"2024-02-07T12:14:24+00:00\",\"breadcrumb\":{\"@id\":\"https:\/\/wxxl.de\/?article=nostalgia-fotobuch-bukarest#breadcrumb\"},\"inLanguage\":\"de\",\"potentialAction\":[{\"@type\":\"ReadAction\",\"target\":[\"https:\/\/wxxl.de\/?article=nostalgia-fotobuch-bukarest\"]}]},{\"@type\":\"ImageObject\",\"inLanguage\":\"de\",\"@id\":\"https:\/\/wxxl.de\/?article=nostalgia-fotobuch-bukarest#primaryimage\",\"url\":\"https:\/\/wxxl.de\/wp-content\/uploads\/2022\/11\/u6rmRvljvP.jpg\",\"contentUrl\":\"https:\/\/wxxl.de\/wp-content\/uploads\/2022\/11\/u6rmRvljvP.jpg\",\"width\":1662,\"height\":1218},{\"@type\":\"BreadcrumbList\",\"@id\":\"https:\/\/wxxl.de\/?article=nostalgia-fotobuch-bukarest#breadcrumb\",\"itemListElement\":[{\"@type\":\"ListItem\",\"position\":1,\"name\":\"Startseite\",\"item\":\"https:\/\/wxxl.de\/\"},{\"@type\":\"ListItem\",\"position\":2,\"name\":\"Artikel\",\"item\":\"https:\/\/wxxl.de\/?post_type=article\"},{\"@type\":\"ListItem\",\"position\":3,\"name\":\"Nostalgia &#8211; Fotobuch Bukarest\"}]},{\"@type\":\"WebSite\",\"@id\":\"https:\/\/wxxl.de\/#website\",\"url\":\"https:\/\/wxxl.de\/\",\"name\":\"Creativ WERBUNG\",\"description\":\"Die Gro\u00dfformatdruckerei in Kaiserslautern\",\"potentialAction\":[{\"@type\":\"SearchAction\",\"target\":{\"@type\":\"EntryPoint\",\"urlTemplate\":\"https:\/\/wxxl.de\/?s={search_term_string}\"},\"query-input\":{\"@type\":\"PropertyValueSpecification\",\"valueRequired\":true,\"valueName\":\"search_term_string\"}}],\"inLanguage\":\"de\"}]}<\/script>\n<!-- \/ Yoast SEO plugin. -->","yoast_head_json":{"title":"Nostalgia - Fotobuch Bukarest - Creativ WERBUNG","robots":{"index":"index","follow":"follow","max-snippet":"max-snippet:-1","max-image-preview":"max-image-preview:large","max-video-preview":"max-video-preview:-1"},"canonical":"https:\/\/wxxl.de\/?article=nostalgia-fotobuch-bukarest","og_locale":"de_DE","og_type":"article","og_title":"Nostalgia - Fotobuch Bukarest - Creativ WERBUNG","og_url":"https:\/\/wxxl.de\/?article=nostalgia-fotobuch-bukarest","og_site_name":"Creativ WERBUNG","article_modified_time":"2024-02-07T12:14:24+00:00","og_image":[{"width":1200,"height":630,"url":"https:\/\/wxxl.de\/wp-content\/uploads\/2022\/12\/Nostalgia.png","type":"image\/png"}],"twitter_card":"summary_large_image","twitter_misc":{"Gesch\u00e4tzte Lesezeit":"2\u00a0Minuten"},"schema":{"@context":"https:\/\/schema.org","@graph":[{"@type":"WebPage","@id":"https:\/\/wxxl.de\/?article=nostalgia-fotobuch-bukarest","url":"https:\/\/wxxl.de\/?article=nostalgia-fotobuch-bukarest","name":"Nostalgia - Fotobuch Bukarest - Creativ WERBUNG","isPartOf":{"@id":"https:\/\/wxxl.de\/#website"},"primaryImageOfPage":{"@id":"https:\/\/wxxl.de\/?article=nostalgia-fotobuch-bukarest#primaryimage"},"image":{"@id":"https:\/\/wxxl.de\/?article=nostalgia-fotobuch-bukarest#primaryimage"},"thumbnailUrl":"https:\/\/wxxl.de\/wp-content\/uploads\/2022\/11\/u6rmRvljvP.jpg","datePublished":"2022-11-03T13:22:02+00:00","dateModified":"2024-02-07T12:14:24+00:00","breadcrumb":{"@id":"https:\/\/wxxl.de\/?article=nostalgia-fotobuch-bukarest#breadcrumb"},"inLanguage":"de","potentialAction":[{"@type":"ReadAction","target":["https:\/\/wxxl.de\/?article=nostalgia-fotobuch-bukarest"]}]},{"@type":"ImageObject","inLanguage":"de","@id":"https:\/\/wxxl.de\/?article=nostalgia-fotobuch-bukarest#primaryimage","url":"https:\/\/wxxl.de\/wp-content\/uploads\/2022\/11\/u6rmRvljvP.jpg","contentUrl":"https:\/\/wxxl.de\/wp-content\/uploads\/2022\/11\/u6rmRvljvP.jpg","width":1662,"height":1218},{"@type":"BreadcrumbList","@id":"https:\/\/wxxl.de\/?article=nostalgia-fotobuch-bukarest#breadcrumb","itemListElement":[{"@type":"ListItem","position":1,"name":"Startseite","item":"https:\/\/wxxl.de\/"},{"@type":"ListItem","position":2,"name":"Artikel","item":"https:\/\/wxxl.de\/?post_type=article"},{"@type":"ListItem","position":3,"name":"Nostalgia &#8211; Fotobuch Bukarest"}]},{"@type":"WebSite","@id":"https:\/\/wxxl.de\/#website","url":"https:\/\/wxxl.de\/","name":"Creativ WERBUNG","description":"Die Gro\u00dfformatdruckerei in Kaiserslautern","potentialAction":[{"@type":"SearchAction","target":{"@type":"EntryPoint","urlTemplate":"https:\/\/wxxl.de\/?s={search_term_string}"},"query-input":{"@type":"PropertyValueSpecification","valueRequired":true,"valueName":"search_term_string"}}],"inLanguage":"de"}]}},"_links":{"self":[{"href":"https:\/\/wxxl.de\/index.php?rest_route=\/wp\/v2\/article\/913","targetHints":{"allow":["GET"]}}],"collection":[{"href":"https:\/\/wxxl.de\/index.php?rest_route=\/wp\/v2\/article"}],"about":[{"href":"https:\/\/wxxl.de\/index.php?rest_route=\/wp\/v2\/types\/article"}],"wp:featuredmedia":[{"embeddable":true,"href":"https:\/\/wxxl.de\/index.php?rest_route=\/wp\/v2\/media\/1072"}],"wp:attachment":[{"href":"https:\/\/wxxl.de\/index.php?rest_route=%2Fwp%2Fv2%2Fmedia&parent=913"}],"wp:term":[{"taxonomy":"post_tag","embeddable":true,"href":"https:\/\/wxxl.de\/index.php?rest_route=%2Fwp%2Fv2%2Ftags&post=913"},{"taxonomy":"article_categorys","embeddable":true,"href":"https:\/\/wxxl.de\/index.php?rest_route=%2Fwp%2Fv2%2Farticle_categorys&post=913"},{"taxonomy":"option_categorys","embeddable":true,"href":"https:\/\/wxxl.de\/index.php?rest_route=%2Fwp%2Fv2%2Foption_categorys&post=913"}],"curies":[{"name":"wp","href":"https:\/\/api.w.org\/{rel}","templated":true}]}}